{"id":345,"date":"2017-03-28T17:25:13","date_gmt":"2017-03-28T15:25:13","guid":{"rendered":"http:\/\/nagybanhegyes.hu\/w\/?p=345"},"modified":"2017-05-21T16:28:39","modified_gmt":"2017-05-21T14:28:39","slug":"ajanlatteteli-felhivas-kozetkeztetes-biztositasara","status":"publish","type":"post","link":"http:\/\/nagybanhegyes.hu\/w\/?p=345","title":{"rendered":"AJ\u00c1NLATT\u00c9TELI FELH\u00cdV\u00c1S K\u00d6Z\u00c9TKEZTET\u00c9S BIZTOS\u00cdT\u00c1S\u00c1RA"},"content":{"rendered":"<p>Az aj\u00e1nlatk\u00e9r\u00e9s t\u00e1rgya: Nagyb\u00e1nhegyes K\u00f6zs\u00e9g \u00d6nkorm\u00e1nyzata tulajdon\u00e1ban l\u00e9v\u0151 f\u0151z\u0151konyha m\u0171k\u00f6dtet\u00e9se \u00e9s a k\u00f6z\u00e9tkeztet\u00e9s biztos\u00edt\u00e1sa az \u00f3vod\u00e1s, \u00e1ltal\u00e1nos iskol\u00e1s gyermekek, a szoci\u00e1lis \u00e9tkeztet\u00e9sben r\u00e9szt vev\u0151k \u00e9s a vend\u00e9g\u00e9tkez\u0151k sz\u00e1m\u00e1ra.<\/p>\n<p>Aj\u00e1nlatk\u00e9r\u0151 adatai:<br \/>\nAj\u00e1nlatk\u00e9r\u0151 neve: Nagyb\u00e1nhegyes K\u00f6zs\u00e9g \u00d6nkorm\u00e1nyzata<br \/>\nAj\u00e1nlatk\u00e9r\u0151 c\u00edme: 5668 Nagyb\u00e1nhegyes, Kossuth u. 64.<br \/>\nAj\u00e1nlatk\u00e9r\u0151 telefonsz\u00e1ma: 06-68-426-000<br \/>\nAj\u00e1nlatk\u00e9r\u0151 e-mail c\u00edme: nagybanhegyes@nagybanhegyes.hu<br \/>\nAj\u00e1nlatk\u00e9r\u0151 k\u00e9pvisel\u0151je: Farkas S\u00e1ndor polg\u00e1rmester<\/p>\n<p>Az aj\u00e1nlatk\u00e9r\u00e9s t\u00e1rgy\u00e1t k\u00e9pez\u0151 szolg\u00e1ltat\u00e1s adatai:<br \/>\nK\u00f6z\u00e9tkeztet\u00e9s ny\u00fajt\u00e1s\u00e1nak v\u00e1rhat\u00f3 id\u0151tartama: 2017. m\u00e1jus 1-t\u0151l 2019. december 31. (munkanapokon).<br \/>\nK\u00f6z\u00e9tkeztet\u00e9s v\u00e1rhat\u00f3 alakul\u00e1sa (2016. \u00e9vi t\u00e9nyadatok alapj\u00e1n):<br \/>\n\u2022 \u00d3voda (3x \u00e9tkez\u00e9s): 35 f\u0151,<br \/>\n\u2022 Iskolai \u00e9tkeztet\u00e9s (3x \u00e9tkez\u00e9s): 65 f\u0151,<br \/>\n\u2022 sz\u00fcnidei \u00e9tkeztet\u00e9s (1x \u00e9tkez\u00e9s) 100 f\u0151,<br \/>\n\u2022 szoci\u00e1lis \u00e9tkeztet\u00e9s (1x \u00e9tkez\u00e9s): 50 f\u0151,<br \/>\n\u2022 vend\u00e9g\u00e9tkeztet\u00e9s (feln\u0151tt eb\u00e9d): 15 f\u0151.<br \/>\n\u00c9telkioszt\u00e1s helysz\u00edne:<br \/>\n\u2022 Napk\u00f6zi otthonos Konyha, 5668 Nagyb\u00e1nhegyes, Erzs\u00e9bet kir\u00e1lyn\u00e9 u. 36.<br \/>\nMin\u0151s\u00e9gi \u00e9s mennyis\u00e9gi el\u0151\u00edr\u00e1sokat a gyermekek \u00e9tkeztet\u00e9s\u00e9re, a k\u00f6z\u00e9tkeztet\u00e9sben alkalmazand\u00f3 t\u00e1pl\u00e1lkoz\u00e1s-eg\u00e9szs\u00e9g\u00fcgyre vonatkoz\u00f3 jogszab\u00e1lyok, utas\u00edt\u00e1sok tartalmazz\u00e1k.<\/p>\n<p>Aj\u00e1nlatad\u00e1si felt\u00e9telek:<br \/>\n\u2022 Aj\u00e1nlatad\u00f3 \u00edr\u00e1sbeli k\u00f6telezetts\u00e9g-v\u00e1llal\u00e1sa, hogy tev\u00e9kenys\u00e9ge sor\u00e1n a mindenkori, Magyarorsz\u00e1g k\u00f6zponti k\u00f6lts\u00e9gvet\u00e9s\u00e9t meghat\u00e1roz\u00f3 jogszab\u00e1ly rendelkez\u00e9sei szerint j\u00e1r el, lehet\u0151v\u00e9 t\u00e9ve az \u00f6nkorm\u00e1nyzat sz\u00e1m\u00e1ra a normat\u00edv \u00e1llami t\u00e1mogat\u00e1s ig\u00e9nyl\u00e9s\u00e9t \u00e9s leh\u00edv\u00e1s\u00e1t.<br \/>\n\u2022 A m\u0171k\u00f6d\u00e9shez sz\u00fcks\u00e9ges enged\u00e9lyek (meleg-konyh\u00e1s \u00e9s munkahelyi vend\u00e9gl\u00e1t\u00f3 \u00e9tkeztet\u00e9sre m\u0171k\u00f6d\u00e9si enged\u00e9ly\u00e9nek) megl\u00e9te \u00e9s m\u00e1solat\u00e1nak becsatol\u00e1sa.<br \/>\n\u2022 H\u00e1rom h\u00f3napn\u00e1l nem r\u00e9gebbi c\u00e9gkivonat, al\u00e1\u00edr\u00e1si c\u00edmp\u00e9ld\u00e1ny, egy\u00e9ni v\u00e1llalkoz\u00f3 eset\u00e9ben v\u00e1llalkoz\u00f3 igazolv\u00e1ny hiteles\u00edtett m\u00e1solat\u00e1nak csatol\u00e1sa.<br \/>\n\u2022 Aj\u00e1nlatad\u00f3 tev\u00e9kenys\u00e9g\u00e9nek bemutat\u00e1sa, referenci\u00e1k felt\u00fcntet\u00e9s\u00e9vel.<br \/>\n\u2022 Aj\u00e1nlatad\u00f3nak a szolg\u00e1ltat\u00e1s m\u0171k\u00f6dtet\u00e9s\u00e9vel kapcsolatos elk\u00e9pzel\u00e9sei ismertet\u00e9se, \u00edr\u00e1sban.<br \/>\n\u2022 Aj\u00e1nlatad\u00f3 \u00edr\u00e1sbeli nyilatkozata arr\u00f3l, hogy az aj\u00e1nlat beny\u00fajt\u00e1s\u00e1nak id\u0151pontj\u00e1ban nem \u00e1ll v\u00e9gelsz\u00e1mol\u00e1si, felsz\u00e1mol\u00e1si vagy cs\u0151delj\u00e1r\u00e1s alatt.<br \/>\n\u2022 Aj\u00e1nlatad\u00f3 \u00edr\u00e1sbeli nyilatkozata arr\u00f3l, hogy a k\u00f6z\u00e9tkeztet\u00e9s sor\u00e1n a 37\/2014. (IV. 30.) EMMI rendeletben foglalt rendelkez\u00e9seket a tev\u00e9kenys\u00e9g folytat\u00e1sa sor\u00e1n marad\u00e9ktalanul betartja.<br \/>\n\u2022 Aj\u00e1nlatad\u00f3 \u00edr\u00e1sbeli nyilatkozata arr\u00f3l, hogy a szem\u00e9lyi felt\u00e9telek biztos\u00edt\u00e1sa k\u00f6r\u00e9ben a konyh\u00e1n dolgoz\u00f3 4 f\u0151 k\u00f6zalkalmazott munkaszerz\u0151d\u00e9ssel t\u00f6rt\u00e9n\u0151 tov\u00e1bbfoglalkoztat\u00e1s\u00e1t a szerz\u0151d\u00e9s id\u0151tartama alatt v\u00e1llalja, tov\u00e1bb\u00e1 a szem\u00e9lyi felt\u00e9teleket oly m\u00f3don biztos\u00edtja, hogy betegs\u00e9g, szabads\u00e1g eset\u00e9n is biztos\u00edtva legyen a folyamatos m\u0171k\u00f6d\u00e9s.<br \/>\n\u2022 Aj\u00e1nlatad\u00f3 v\u00e1llalja a k\u00f6z\u00e9tkeztet\u00e9s keret\u00e9ben h\u00e9tf\u0151t\u0151l p\u00e9ntekig<br \/>\na) napi egyszeri meleg eb\u00e9d, t\u00edz\u00f3rai \u00e9s uzsonna kisz\u00e1ll\u00edt\u00e1sra val\u00f3 el\u0151k\u00e9sz\u00edt\u00e9s\u00e9t az \u00d3voda (Erzs\u00e9bet kir\u00e1lyn\u00e9 u. 29.) konyh\u00e1j\u00e1ra minden nevel\u00e9si napon a vonatkoz\u00f3 \u00e9lelmiszerhigi\u00e9niai szab\u00e1lyok betart\u00e1s\u00e1val, legk\u00e9s\u0151bb t\u00edz\u00f3rai eset\u00e9ben 10,00-ig, eb\u00e9d \u00e9s uzsonna eset\u00e9ben 11,45-ig. A kisz\u00e1ll\u00edt\u00e1st az \u00d3voda alkalmazottai v\u00e9gzik.<br \/>\nb) t\u00edz\u00f3rai kisz\u00e1ll\u00edt\u00e1sra val\u00f3 el\u0151k\u00e9sz\u00edt\u00e9s\u00e9t az Iskola int\u00e9zm\u00e9nyegys\u00e9g\u00e9be (Kossuth u. 66.) minden oktat\u00e1si napon a vonatkoz\u00f3 \u00e9lelmiszerhigi\u00e9niai szab\u00e1lyok betart\u00e1s\u00e1val, legk\u00e9s\u0151bb 10,00-ig. A kisz\u00e1ll\u00edt\u00e1st az Iskola alkalmazottai v\u00e9gzik.<br \/>\nAz \u00e9telek kisz\u00e1ll\u00edt\u00e1sa a leadott l\u00e9tsz\u00e1mjelent\u00e9s alapj\u00e1n k\u00fcl\u00f6n-k\u00fcl\u00f6n t\u00e1rol\u00f3ed\u00e9nyben t\u00f6rt\u00e9nhet.<br \/>\nc) a szoci\u00e1lis \u00e9tkeztet\u00e9sben r\u00e9szt vev\u0151k eset\u00e9ben napi egyszeri meleg eb\u00e9d kisz\u00e1ll\u00edt\u00e1sra val\u00f3 el\u0151k\u00e9sz\u00edt\u00e9s\u00e9t \u00e9s a K\u00f6z\u00f6ss\u00e9gi Misszi\u00f3 kisz\u00e1ll\u00edt\u00e1st v\u00e9gz\u0151 alkalmazottainak t\u00f6rt\u00e9n\u0151 \u00e1tad\u00e1s\u00e1t minden munkanapon a vonatkoz\u00f3 \u00e9lelmiszerhigi\u00e9niai szab\u00e1lyok betart\u00e1s\u00e1val, legk\u00e9s\u0151bb 11,30-ig.<br \/>\nAz ig\u00e9nybevev\u0151 oktat\u00e1si-nevel\u00e9si int\u00e9zm\u00e9nyek, illetve szoci\u00e1lis \u00e9tkeztet\u00e9s eset\u00e9n az \u00f6nkorm\u00e1nyzat k\u00f6telezetts\u00e9get v\u00e1llal arra, hogy a k\u00f6vetkez\u0151 napra vonatkoz\u00f3 l\u00e9tsz\u00e1madatokat reggel 9,00 \u00f3r\u00e1ig megadja a szolg\u00e1ltat\u00f3nak.<br \/>\n\u2022 A k\u00f6z\u00e9tkeztet\u00e9st ig\u00e9nybe vev\u0151 int\u00e9zm\u00e9nyek vezet\u0151i, valamint az \u00f6nkorm\u00e1nyzat szoci\u00e1lis \u00fcgyint\u00e9z\u0151je az el\u0151z\u0151 h\u00f3nap utols\u00f3 munkanapj\u00e1ig megkapj\u00e1k a v\u00e1llalkoz\u00f3t\u00f3l a k\u00f6vetkez\u0151 teljes havi \u00e9trendtervezetet. Az esetlegesen kifog\u00e1solt \u00e9trendi \u00f6ssze\u00e1ll\u00edt\u00e1sokkal kapcsolatban az int\u00e9zm\u00e9nyek vezet\u0151inek javaslatait a v\u00e1llalkoz\u00f3nak \u2013 amennyiben szakmai szempontb\u00f3l indokolt \u2013 k\u00f6telez\u0151 figyelembe venni.<br \/>\n\u2022 Aj\u00e1nlatad\u00f3 \u00edr\u00e1sbeli nyilatkozata arr\u00f3l, hogy Nagyb\u00e1nhegyes K\u00f6zs\u00e9g \u00d6nkorm\u00e1nyzata \u00e1ltal a k\u00f6zfoglalkoztat\u00e1si programban megtermelt nyersanyagokat napi nagybani piaci \u00e1ron \u00e1tveszi a felhaszn\u00e1lhat\u00f3 mennyis\u00e9g figyelembe v\u00e9tel\u00e9vel, azzal, hogy az \u00e9trend kialak\u00edt\u00e1sa sor\u00e1n az \u00f6nkorm\u00e1nyzattal val\u00f3 egyeztet\u00e9s alapj\u00e1n t\u00f6rekszik arra, hogy az \u00e9telek el\u0151\u00e1ll\u00edt\u00e1sa sor\u00e1n els\u0151sorban a helyben megtermelt nyersanyagok ker\u00fcljenek feldolgoz\u00e1sra.<\/p>\n<p>Konyha \u00fczemeltet\u00e9s\u00e9nek felt\u00e9telei:<br \/>\n\u2022 Az aj\u00e1nlatad\u00f3 az \u00f6nkorm\u00e1nyzat tulajdon\u00e1ban l\u00e9v\u0151 konyh\u00e1t \u00e9s kiszolg\u00e1l\u00f3 helyis\u00e9geit k\u00f6teles ig\u00e9nybe venni, saj\u00e1t k\u00f6lts\u00e9g\u00e9n \u00fczemeltetni, a konyha m\u0171k\u00f6d\u00e9s\u00e9hez sz\u00fcks\u00e9ges v\u00edz-, villamos energia-, valamint g\u00e1zfogyaszt\u00e1s k\u00f6z\u00fczemi d\u00edjait a m\u00e9r\u0151k\u00f6n m\u00e9rt fogyaszt\u00e1s alapj\u00e1n a szolg\u00e1ltat\u00f3k fel\u00e9 kiegyenl\u00edteni. K\u00f6teles gondoskodni tov\u00e1bb\u00e1 a tev\u00e9kenys\u00e9g sor\u00e1n keletkezett kommun\u00e1lis \u00e9s vesz\u00e9lyes hullad\u00e9k elsz\u00e1ll\u00edttat\u00e1s\u00e1r\u00f3l, a szolg\u00e1ltat\u00e1s d\u00edj\u00e1nak kiegyenl\u00edt\u00e9s\u00e9r\u0151l.<br \/>\n\u2022 Az aj\u00e1nlatad\u00f3 az ingatlan \u00fczemeltet\u00e9se sor\u00e1n k\u00f6teles a j\u00f3 gazda gondoss\u00e1g\u00e1val elj\u00e1rni, a karbantart\u00e1s k\u00f6r\u00e9be tartoz\u00f3 jav\u00edt\u00e1sokat, tisztas\u00e1gi meszel\u00e9st elv\u00e9gezni.<br \/>\n\u2022 Az \u00f6nkorm\u00e1nyzat a konyh\u00e1n m\u00e1r megl\u00e9v\u0151 eszk\u00f6zeit lelt\u00e1r alapj\u00e1n \u00e1tadja a p\u00e1ly\u00e1z\u00f3nak. Az aj\u00e1nlatad\u00f3 a szerz\u0151d\u00e9s hat\u00e1lya alatt k\u00f6teles gondoskodni az \u00e1tadott eszk\u00f6z\u00f6k karbantart\u00e1s\u00e1r\u00f3l, jav\u00edt\u00e1s\u00e1r\u00f3l \u00e9s \u00e1llagmeg\u00f3v\u00e1s\u00e1r\u00f3l, tov\u00e1bb\u00e1 sz\u00fcks\u00e9g szerint azok p\u00f3tl\u00e1s\u00e1r\u00f3l.<br \/>\n\u2022 Aj\u00e1nlatad\u00f3 a konyha m\u0171k\u00f6dtet\u00e9se \u00e9s az int\u00e9zm\u00e9nyi \u00e9tkeztet\u00e9s ell\u00e1t\u00e1sa sor\u00e1n fokozottan k\u00f6teles betartani a tev\u00e9kenys\u00e9gre ir\u00e1nyad\u00f3 k\u00f6zeg\u00e9szs\u00e9g\u00fcgyi-, j\u00e1rv\u00e1ny\u00fcgyi-, higi\u00e9niai, munkav\u00e9delmi \u00e9s t\u0171zrend\u00e9szeti szab\u00e1lyokat.<br \/>\n\u2022 Aj\u00e1nlatad\u00f3 a v\u00e9gzett tev\u00e9kenys\u00e9g\u00e9\u00e9rt, az ezzel \u00f6sszef\u00fcgg\u00e9sben okozott vagyoni \u00e9s nem vagyoni k\u00e1rok\u00e9rt a polg\u00e1ri jog szab\u00e1lyai szerint felel\u0151ss\u00e9ggel tartozik.<br \/>\n\u2022 A konyha \u00e9s kiszolg\u00e1l\u00f3 helyis\u00e9gek, illet\u0151leg eszk\u00f6z\u00f6k haszn\u00e1lat\u00e1nak ellen\u00e9rt\u00e9kek\u00e9nt p\u00e1ly\u00e1z\u00f3 az \u00f6nkorm\u00e1nyzatnak 100.000,- Ft\/h\u00f3 + \u00c1FA b\u00e9rleti d\u00edjat fizet, a t\u00e1rgyh\u00f3t k\u00f6vet\u0151 h\u00f3 10. napj\u00e1ig. Nagyb\u00e1nhegyes K\u00f6zs\u00e9g \u00d6nkorm\u00e1nyzata v\u00e1llalja, hogy a b\u00e9rleti d\u00edj \u00f6sszeg\u00e9t a konyha eszk\u00f6z\u00e1llom\u00e1ny\u00e1nak fejleszt\u00e9s\u00e9re ford\u00edtja.<\/p>\n<p>Referencia\u00e1rak a k\u00f6z\u00e9tkeztet\u00e9s keret\u00e9ben biztos\u00edtott \u00e9tkeztet\u00e9s d\u00edjaira:<\/p>\n<p>Norma:<\/p>\n<p>Feln\u0151tt eb\u00e9d 396 Ft\/adag<br \/>\nIskol\u00e1s gyermek eb\u00e9d 308 Ft\/adag<br \/>\nNapk\u00f6zis iskol\u00e1s gyermek 445 Ft\/adag<br \/>\n\u00d3vod\u00e1s gyermek t\u00edz\u00f3rai 79 Ft\/adag<br \/>\nNapk\u00f6zis \u00f3vod\u00e1s gyermek 357 Ft\/adag<\/p>\n<p>T\u00e9r\u00edt\u00e9si d\u00edj:<br \/>\nFeln\u0151tt eb\u00e9d 504 Forint\/adag+\u00c1FA<br \/>\nIskol\u00e1s gyermek eb\u00e9d 308 Ft\/adag + \u00c1FA<br \/>\nNapk\u00f6zis iskol\u00e1s gyermek 445 Ft\/adag +\u00c1FA<br \/>\n\u00d3vod\u00e1s gyermek t\u00edz\u00f3rai 79 Ft\/adag +\u00c1FA<br \/>\nNapk\u00f6zis \u00f3vod\u00e1s gyermek 357 Ft\/adag + \u00c1FA<br \/>\nVend\u00e9g eb\u00e9d 630 Ft\/adag + \u00c1FA<\/p>\n<p>Nagyb\u00e1nhegyes k\u00f6z\u00e9tkeztet\u00e9s\u00e9ben leggyakoribb t\u00e9r\u00edt\u00e9si d\u00edjak:<br \/>\nMegnevez\u00e9s \u00c9tkez\u00e9s T\u00e9r\u00edt\u00e9sid d\u00edj (\u00c1FA-t tartalmazza)<br \/>\n\u00d3vod\u00e1s 3x-i \u00e9tkez\u00e9s 450,-<br \/>\nIskol\u00e1s 3x-i \u00e9tkez\u00e9s 560,-<br \/>\nSzoci\u00e1lis \u00e9tkez\u0151 eb\u00e9d 650,-<br \/>\nVend\u00e9g\u00e9tkez\u0151 eb\u00e9d 800,-<\/p>\n<p>P\u00e9nz\u00fcgyi elsz\u00e1mol\u00e1s:<br \/>\nA v\u00e1llalkoz\u00f3i d\u00edj kiegyenl\u00edt\u00e9se a sz\u00e1ll\u00edt\u00f3levelek \u00f6sszes\u00edt\u00e9se alapj\u00e1n a t\u00e1rgyh\u00f3napot k\u00f6vet\u0151 h\u00f3nap 10. napj\u00e1ig beny\u00fajtott sz\u00e1mla alapj\u00e1n, 15 napon bel\u00fcl t\u00f6rt\u00e9nik.<\/p>\n<p>Egy\u00e9b rendelkez\u00e9sek:<br \/>\n\u2022 az \u00f6nkorm\u00e1nyzat jogosult negyed\u00e9vente sz\u00far\u00f3pr\u00f3baszer\u0171 ellen\u0151rz\u00e9st v\u00e9geztetni a V\u00e1llalkoz\u00f3 \u00e1ltal sz\u00e1ll\u00edtott \u00e9telek min\u0151s\u00e9g\u00e9re, t\u00e1panyagtartalm\u00e1ra vonatkoz\u00f3an a B\u00e9k\u00e9s Megyei Korm\u00e1nyhivatal \u00c1llateg\u00e9szs\u00e9g\u00fcgyi \u00e9s \u00c9lelmiszer-ellen\u0151rz\u0151 Hivatala k\u00f6zrem\u0171k\u00f6d\u00e9s\u00e9vel, mely ellen\u0151rz\u00e9st a V\u00e1llalkoz\u00f3 t\u0171rni k\u00f6teles.<br \/>\n\u2022 A v\u00e1llalkoz\u00e1si d\u00edj v\u00e1ltoztat\u00e1sa k\u00f6z\u00f6s megegyez\u00e9ssel t\u00f6rt\u00e9nhet. A V\u00e1llalkoz\u00f3 az \u00e1rv\u00e1ltoztat\u00e1si ig\u00e9ny\u00e9t minden \u00e9v febru\u00e1r 28. napj\u00e1ig k\u00f6teles beny\u00fajtani az \u00f6nkorm\u00e1nyzathoz.<br \/>\n\u2022 Az \u00f6nkorm\u00e1nyzat fenntartja a jogot, hogy az elb\u00edr\u00e1l\u00e1shoz a beadott p\u00e1ly\u00e1zaton t\u00fal egy\u00e9b adatokat bek\u00e9rjen.<\/p>\n<p>Az aj\u00e1nlat tartalmi \u00e9s formai k\u00f6vetelm\u00e9nyei:<br \/>\nAz aj\u00e1nlatnak tartalmaznia kell:<br \/>\n\u2022 az aj\u00e1nlattev\u0151 nev\u00e9t, c\u00edm\u00e9t, egy\u00e9b el\u00e9rhet\u0151s\u00e9g\u00e9t (telefon\/fax, e-mail);<br \/>\n\u2022 a \u201eP\u00e1ly\u00e1zati felt\u00e9telek\u201d pontban el\u0151\u00edrt dokumentumokat, nyilatkozatokat;<br \/>\n\u2022 az aj\u00e1nlattev\u0151 igazol\u00e1s\u00e1t arr\u00f3l, hogy szerepel a NAV k\u00f6ztartoz\u00e1smentes adatb\u00e1zisban vagy un. \u201e0-\u201e ad\u00f3igazol\u00e1ssal igazolja k\u00f6ztartoz\u00e1s mentess\u00e9g\u00e9t;<br \/>\n\u2022 a sz\u00e1mlavezet\u0151 p\u00e9nzint\u00e9zet nyilatkozata legal\u00e1bb az al\u00e1bbi tartalommal: mi\u00f3ta vezeti aj\u00e1nlattev\u0151 sz\u00e1ml\u00e1j\u00e1t, azon volt-e a 2016. \u00e9vben 60 napot meghalad\u00f3 sorban \u00e1ll\u00e1s, vagy t\u00f6bbsz\u00f6ri (t\u00f6bb, mint k\u00e9t esetben) 30 napot el\u00e9r\u0151 sorban \u00e1ll\u00e1s;<br \/>\n\u2022 ki\u00e9p\u00edtett \u00e9s m\u0171k\u00f6d\u0151 HACCP rendszer igazol\u00e1sa;<br \/>\n\u2022 nyilatkozat arr\u00f3l, hogy v\u00e1llalja a jelen p\u00e1ly\u00e1zati ki\u00edr\u00e1sban foglalt felt\u00e9teleket;<br \/>\n\u2022 minta-\u00e9tlapot;<br \/>\n\u2022 a szolg\u00e1ltat\u00e1s ellen\u00e9rt\u00e9k\u00e9t az al\u00e1bbi bont\u00e1sban:<br \/>\nMegnevez\u00e9s Aj\u00e1nlati \u00e1r Ft\/f\u0151\/nap<br \/>\nNett\u00f3 Brutt\u00f3<br \/>\n\u00d3vodai 3x \u00e9tkez\u00e9s<br \/>\nIskolai 3x \u00e9tkez\u00e9s<br \/>\nSzoci\u00e1lis \u00e9tkez\u0151-eb\u00e9d<br \/>\nVend\u00e9g\u00e9tkez\u0151-eb\u00e9d<br \/>\nA szerz\u0151d\u00e9s t\u00e1rgy\u00e1t k\u00e9pez\u0151 szolg\u00e1ltat\u00e1s ellen\u00e9rt\u00e9ke tartalmazza az \u00e9lelmez\u00e9si nyersanyagnorm\u00e1t, valamint az ezen fel\u00fcl \u00e9rv\u00e9nyes\u00edthet\u0151 rezsik\u00f6lts\u00e9get.<\/p>\n<p>Az aj\u00e1nlat beny\u00fajt\u00e1sa:<br \/>\nAz aj\u00e1nlatokat postai \u00faton, vagy szem\u00e9lyesen z\u00e1rt bor\u00edt\u00e9kban ny\u00fajthat\u00f3 be. A postai beny\u00fajt\u00e1s napja az a nap, amikor a postai b\u00e9lyegz\u0151 szerint a p\u00e1ly\u00e1zatot post\u00e1ra adt\u00e1k. A p\u00e1ly\u00e1zatokat egy eredeti p\u00e9ld\u00e1nyban, Nagyb\u00e1nhegyes K\u00f6zs\u00e9g \u00d6nkorm\u00e1nyzata 5668 Nagyb\u00e1nhegyes, Kossuth u. 64. c\u00edmre kell beny\u00fajtani. A bor\u00edt\u00e9kon k\u00e9rj\u00fck felt\u00fcntetni: \u201eK\u00f6z\u00e9tkeztet\u00e9si aj\u00e1nlat\u201d.<br \/>\nHi\u00e1nyp\u00f3tl\u00e1sra minden aj\u00e1nlattev\u0151nek egy alkalommal van lehet\u0151s\u00e9ge.<br \/>\nAz aj\u00e1nlatt\u00e9tel nyelve: magyar.<\/p>\n<p>Az aj\u00e1nlatok be\u00e9rkez\u00e9s\u00e9nek hat\u00e1rideje: 2017. \u00e1prilis 18. 16,00 \u00f3ra.<\/p>\n<p>Az aj\u00e1nlatok bont\u00e1sa \u00e9s elb\u00edr\u00e1l\u00e1sa:<br \/>\nA be\u00e9rkezett aj\u00e1nlatokat tartalmaz\u00f3 bor\u00edt\u00e9kokat Nagyb\u00e1nhegyes K\u00f6zs\u00e9g \u00d6nkorm\u00e1nyzata K\u00e9pvisel\u0151-test\u00fclet\u00e9nek Szoci\u00e1lis \u00e9s P\u00e9nz\u00fcgyi Bizotts\u00e1ga bontja fel. A bont\u00e1st k\u00f6vet\u0151en a Bizotts\u00e1g javaslatot tesz a K\u00e9pvisel\u0151-test\u00fclet fel\u00e9.<\/p>\n<p>\u00c9rv\u00e9nytelen az aj\u00e1nlat, ha:<br \/>\n\u2022 az aj\u00e1nlatt\u00e9teli hat\u00e1rid\u0151 ut\u00e1n ny\u00fajtott\u00e1k be;<br \/>\n\u2022 az aj\u00e1nlattev\u0151nek vagy a hozz\u00e1 k\u00f6zvetlen\u00fcl kapcsol\u00f3d\u00f3 v\u00e1llalkoz\u00e1snak az \u00f6nkorm\u00e1nyzattal szemben tartoz\u00e1sa \u00e1ll fenn;<br \/>\n\u2022 nem felel meg a \u201eP\u00e1ly\u00e1zati felh\u00edv\u00e1sban\u201d foglaltaknak.<\/p>\n<p>Az elj\u00e1r\u00e1s sor\u00e1n meghat\u00e1rozott b\u00edr\u00e1lati szempontok:<br \/>\n\u2022 a legkedvez\u0151bb aj\u00e1nlati \u00e1r;<br \/>\n\u2022 a k\u00f6z\u00e9tkeztet\u00e9s k\u00f6r\u00e9ben ny\u00fajtott t\u00f6bblet-szolg\u00e1ltat\u00e1sok \u00e9rt\u00e9kel\u00e9se;<br \/>\n\u2022 a konyha m\u0171k\u00f6dtet\u00e9se k\u00f6r\u00e9ben a telep\u00fcl\u00e9s sz\u00e1m\u00e1ra ny\u00fajtott t\u00f6bblet-szolg\u00e1ltat\u00e1s biztos\u00edt\u00e1sa, v\u00e1llal\u00e1sa;<br \/>\n\u2022 a k\u00f6z\u00e9tkeztet\u00e9sre vonatkoz\u00f3 referenci\u00e1k igazol\u00e1sa.<\/p>\n<p>A be\u00e9rkezett aj\u00e1nlatokat a k\u00e9pvisel\u0151-test\u00fclet a 2017. \u00e1prilis 24-re tervezett \u00fcl\u00e9s\u00e9n b\u00edr\u00e1lja el. Az \u00f6nkorm\u00e1nyzat a d\u00f6nt\u00e9sr\u0151l valamennyi aj\u00e1nlattev\u0151t \u00edr\u00e1sban \u00e9rtes\u00edti.<br \/>\nA k\u00e9pvisel\u0151-test\u00fclet az aj\u00e1nlati felh\u00edv\u00e1s nyertes\u00e9vel hat\u00e1rozott idej\u0171 szerz\u0151d\u00e9st k\u00f6t. A szerz\u0151d\u00e9s az aj\u00e1nlatk\u00e9r\u00e9sben szerepl\u0151 felt\u00e9telek \u00e9s a beny\u00fajtott nyertes aj\u00e1nlatban szerepl\u0151 d\u00edjak alapj\u00e1n ker\u00fcl \u00f6ssze\u00e1ll\u00edt\u00e1sra.<br \/>\nA szerz\u0151d\u00e9sk\u00f6t\u00e9s tervezett id\u0151pontja: 2017. \u00e1prilis 28.<br \/>\nA nyertes aj\u00e1nlattev\u0151 visszal\u00e9p\u00e9se eset\u00e9n a ki\u00edr\u00f3 a soron k\u00f6vetkez\u0151 aj\u00e1nlattev\u0151vel szerz\u0151d\u00e9st k\u00f6thet.<\/p>\n<p>Nagyb\u00e1nhegyes K\u00f6zs\u00e9g \u00d6nkorm\u00e1nyzata fenntartja mag\u00e1nak a jogot, hogy az aj\u00e1nlatt\u00e9teli elj\u00e1r\u00e1st az elj\u00e1r\u00e1s b\u00e1rmely szakasz\u00e1ban eredm\u00e9nytelennek nyilv\u00e1n\u00edtsa.<\/p>\n<p>Az aj\u00e1nlati felh\u00edv\u00e1ssal kapcsolatban tov\u00e1bbi felvil\u00e1gos\u00edt\u00e1s k\u00e9rhet\u0151: Farkas S\u00e1ndor polg\u00e1rmestert\u0151l \u00e9s Pajk\u00f3 Alexandra kirendelts\u00e9g-vezet\u0151t\u0151l a 06-68-426-000-as telefonsz\u00e1mon.<\/p>\n<p>Nagyb\u00e1nhegyes, 2017. m\u00e1rcius 27.<\/p>\n<p>Farkas S\u00e1ndor<br \/>\npolg\u00e1rmester<\/p>\n","protected":false},"excerpt":{"rendered":"<p>Az aj\u00e1nlatk\u00e9r\u00e9s t\u00e1rgya: Nagyb\u00e1nhegyes K\u00f6zs\u00e9g \u00d6nkorm\u00e1nyzata tulajdon\u00e1ban l\u00e9v\u0151 f\u0151z\u0151konyha m\u0171k\u00f6dtet\u00e9se \u00e9s a k\u00f6z\u00e9tkeztet\u00e9s biztos\u00edt\u00e1sa az \u00f3vod\u00e1s, \u00e1ltal\u00e1nos iskol\u00e1s gyermekek, a szoci\u00e1lis \u00e9tkeztet\u00e9sben r\u00e9szt vev\u0151k \u00e9s a vend\u00e9g\u00e9tkez\u0151k sz\u00e1m\u00e1ra. Aj\u00e1nlatk\u00e9r\u0151 adatai: Aj\u00e1nlatk\u00e9r\u0151 neve: Nagyb\u00e1nhegyes K\u00f6zs\u00e9g \u00d6nkorm\u00e1nyzata Aj\u00e1nlatk\u00e9r\u0151 c\u00edme: 5668 Nagyb\u00e1nhegyes, Kossuth u. 64. Aj\u00e1nlatk\u00e9r\u0151 telefonsz\u00e1ma: 06-68-426-000 Aj\u00e1nlatk\u00e9r\u0151 e-mail c\u00edme: nagybanhegyes@nagybanhegyes.hu Aj\u00e1nlatk\u00e9r\u0151 k\u00e9pvisel\u0151je: Farkas S\u00e1ndor polg\u00e1rmester Az [&hellip;]<\/p>\n","protected":false},"author":1,"featured_media":0,"comment_status":"closed","ping_status":"closed","sticky":false,"template":"","format":"standard","meta":{"ngg_post_thumbnail":0,"_links_to":"","_links_to_target":""},"categories":[1],"tags":[],"_links":{"self":[{"href":"http:\/\/nagybanhegyes.hu\/w\/index.php?rest_route=\/wp\/v2\/posts\/345"}],"collection":[{"href":"http:\/\/nagybanhegyes.hu\/w\/index.php?rest_route=\/wp\/v2\/posts"}],"about":[{"href":"http:\/\/nagybanhegyes.hu\/w\/index.php?rest_route=\/wp\/v2\/types\/post"}],"author":[{"embeddable":true,"href":"http:\/\/nagybanhegyes.hu\/w\/index.php?rest_route=\/wp\/v2\/users\/1"}],"replies":[{"embeddable":true,"href":"http:\/\/nagybanhegyes.hu\/w\/index.php?rest_route=%2Fwp%2Fv2%2Fcomments&post=345"}],"version-history":[{"count":1,"href":"http:\/\/nagybanhegyes.hu\/w\/index.php?rest_route=\/wp\/v2\/posts\/345\/revisions"}],"predecessor-version":[{"id":346,"href":"http:\/\/nagybanhegyes.hu\/w\/index.php?rest_route=\/wp\/v2\/posts\/345\/revisions\/346"}],"wp:attachment":[{"href":"http:\/\/nagybanhegyes.hu\/w\/index.php?rest_route=%2Fwp%2Fv2%2Fmedia&parent=345"}],"wp:term":[{"taxonomy":"category","embeddable":true,"href":"http:\/\/nagybanhegyes.hu\/w\/index.php?rest_route=%2Fwp%2Fv2%2Fcategories&post=345"},{"taxonomy":"post_tag","embeddable":true,"href":"http:\/\/nagybanhegyes.hu\/w\/index.php?rest_route=%2Fwp%2Fv2%2Ftags&post=345"}],"curies":[{"name":"wp","href":"https:\/\/api.w.org\/{rel}","templated":true}]}}