{"id":348,"date":"2016-12-09T15:47:46","date_gmt":"2016-12-09T13:47:46","guid":{"rendered":"http:\/\/nagybanhegyes.hu\/w\/?p=348"},"modified":"2017-05-21T16:28:48","modified_gmt":"2017-05-21T14:28:48","slug":"tajekoztatas-az-avar-es-kerti-hulladek-egetesenek-szabalyairol","status":"publish","type":"post","link":"http:\/\/nagybanhegyes.hu\/w\/?p=348","title":{"rendered":"T\u00e1j\u00e9koztat\u00e1s az avar \u00e9s kerti hullad\u00e9k \u00e9get\u00e9s\u00e9nek szab\u00e1lyair\u00f3l"},"content":{"rendered":"<div><strong class=\"bbcode bold\">T\u00e1j\u00e9koztat\u00e1s az avar \u00e9s kerti hullad\u00e9k \u00e9get\u00e9s\u00e9nek szab\u00e1lyair\u00f3l<\/strong><br \/>\nNagyb\u00e1nhegyes K\u00f6zs\u00e9g \u00d6nkorm\u00e1nyzata K\u00e9pvisel\u0151-test\u00fclet\u00e9nek 4\/2015.(V.22.) az avar \u00e9s kerti hullad\u00e9kok ny\u00edltt\u00e9ri \u00e9get\u00e9s\u00e9r\u0151l sz\u00f3l\u00f3 \u00f6nkorm\u00e1nyzati rendelete \u00e9rtelm\u00e9ben:<\/div>\n<p><strong class=\"bbcode bold\">&#8211; Avar \u00e9s kerti hullad\u00e9k ny\u00edltt\u00e9ri \u00e9get\u00e9se \u2013 \u00fcnnepnapok kiv\u00e9tel\u00e9vel \u2013 h\u00e9tf\u0151t\u0151l p\u00e9ntekig naponta 8.00 \u00e9s 18.00 \u00f3ra k\u00f6z\u00f6tt, szombaton 8.00 \u00e9s 17.00 \u00f3ra k\u00f6z\u00f6tt enged\u00e9lyezett. M\u00e1s napon \u00e9s id\u0151pontban az \u00e9get\u00e9s tilos.<br \/>\nAz enged\u00e9lyezett id\u0151pontt\u00f3l elt\u00e9r\u0151 avar \u00e9s kerti hullad\u00e9k ny\u00edltt\u00e9ri \u00e9get\u00e9s\u00e9t az Orosh\u00e1zi Katasztr\u00f3fav\u00e9delmi Kirendelts\u00e9g 68\/414-244-es telefonsz\u00e1m\u00e1n lehet bejelenteni.<\/strong><\/p>\n<div>T\u00e1j\u00e9koztat\u00e1s a 2016. j\u00fanius 4. napj\u00e1t megel\u0151z\u0151en enged\u00e9ly n\u00e9lk\u00fcl l\u00e9tes\u00edtett v\u00edzkiv\u00e9telt biztos\u00edt\u00f3 v\u00edzil\u00e9tes\u00edtm\u00e9nyek v\u00edzjogi fennmarad\u00e1si enged\u00e9lyez\u00e9si elj\u00e1r\u00e1s\u00e1r\u00f3l<\/div>\n<p>Az 1995. \u00e9vi LVII. t\u00f6rv\u00e9ny 29.\u00a7 (7) bekezd\u00e9se alapj\u00e1n 2016. j\u00fanius 4. \u00e9s 2018. december 31. napja k\u00f6z\u00f6tti id\u0151szakra vonatkoz\u00f3an v\u00edzkiv\u00e9telt biztos\u00edt\u00f3 v\u00edzl\u00e9tes\u00edtm\u00e9ny\u00fck tov\u00e1bbi \u00fczemeltet\u00e9s\u00e9hez szankci\u00f3 alkalmaz\u00e1sa n\u00e9lk\u00fcl v\u00edzjogi fennmarad\u00e1si enged\u00e9lyhez lehet jutni. A v\u00edzjogi fennmarad\u00e1si enged\u00e9lyt k\u00e9rni kell abban az esetben, ha a v\u00edzkiv\u00e9telt biztos\u00edt\u00f3 v\u00edzl\u00e9tes\u00edtm\u00e9ny v\u00edzjogi enged\u00e9ly n\u00e9lk\u00fcl ker\u00fclt meg\u00e9p\u00edt\u00e9sre. A k\u00e9relmet a telep\u00fcl\u00e9si \u00f6nkorm\u00e1nyzat jegyz\u0151j\u00e9hez sz\u00fcks\u00e9ges beny\u00fajtani olyan kutakn\u00e1l, amelyek h\u00e1ztart\u00e1si ig\u00e9nyeket el\u00e9g\u00edtenek ki, \u00e9s maxim\u00e1lisan \u00e9vi \u00f6tsz\u00e1z k\u00f6bm\u00e9teres v\u00edzig\u00e9nybev\u00e9tellel, kiz\u00e1r\u00f3lag talajv\u00edzk\u00e9szlet vagy parti sz\u0171r\u00e9s\u0171 v\u00edzk\u00e9szlet felhaszn\u00e1l\u00e1s\u00e1val mag\u00e1nszem\u00e9lyek \u00fczemeltetnek. Tov\u00e1bbi felt\u00e9tel, hogy az ingatlan, amelyen a v\u00edzil\u00e9tes\u00edtm\u00e9ny elhelyezkedik, nem \u00e9rint v\u00edzb\u00e1zisv\u00e9delmi ter\u00fcletet. Amennyiben a fentiek k\u00f6z\u00fcl valamelyik krit\u00e9rium nem teljes\u00fcl, abban az esetben az enged\u00e9lyez\u00e9s a Csongr\u00e1d Megyei Katasztr\u00f3fav\u00e9delmi Igazgat\u00f3s\u00e1gok hat\u00e1sk\u00f6r\u00e9be tartozik. A k\u00e9relemnek tartalmaznia kell a t\u00e9nyleges megval\u00f3sul\u00e1si \u00e1llapotot tartalmaz\u00f3 tervdokument\u00e1ci\u00f3t. B\u0151vebb t\u00e1j\u00e9koztat\u00e1s\u00e9rt \u00fcgyf\u00e9lfogad\u00e1si id\u0151ben az \u00f6nkorm\u00e1nyzatn\u00e1l \u00e9rdekl\u0151dhetnek.<\/p>\n","protected":false},"excerpt":{"rendered":"<p>T\u00e1j\u00e9koztat\u00e1s az avar \u00e9s kerti hullad\u00e9k \u00e9get\u00e9s\u00e9nek szab\u00e1lyair\u00f3l Nagyb\u00e1nhegyes K\u00f6zs\u00e9g \u00d6nkorm\u00e1nyzata K\u00e9pvisel\u0151-test\u00fclet\u00e9nek 4\/2015.(V.22.) az avar \u00e9s kerti hullad\u00e9kok ny\u00edltt\u00e9ri \u00e9get\u00e9s\u00e9r\u0151l sz\u00f3l\u00f3 \u00f6nkorm\u00e1nyzati rendelete \u00e9rtelm\u00e9ben: &#8211; Avar \u00e9s kerti hullad\u00e9k ny\u00edltt\u00e9ri \u00e9get\u00e9se \u2013 \u00fcnnepnapok kiv\u00e9tel\u00e9vel \u2013 h\u00e9tf\u0151t\u0151l p\u00e9ntekig naponta 8.00 \u00e9s 18.00 \u00f3ra k\u00f6z\u00f6tt, szombaton 8.00 \u00e9s 17.00 \u00f3ra k\u00f6z\u00f6tt enged\u00e9lyezett. M\u00e1s napon \u00e9s id\u0151pontban az [&hellip;]<\/p>\n","protected":false},"author":1,"featured_media":0,"comment_status":"closed","ping_status":"closed","sticky":false,"template":"","format":"standard","meta":{"ngg_post_thumbnail":0,"_links_to":"","_links_to_target":""},"categories":[1],"tags":[],"_links":{"self":[{"href":"http:\/\/nagybanhegyes.hu\/w\/index.php?rest_route=\/wp\/v2\/posts\/348"}],"collection":[{"href":"http:\/\/nagybanhegyes.hu\/w\/index.php?rest_route=\/wp\/v2\/posts"}],"about":[{"href":"http:\/\/nagybanhegyes.hu\/w\/index.php?rest_route=\/wp\/v2\/types\/post"}],"author":[{"embeddable":true,"href":"http:\/\/nagybanhegyes.hu\/w\/index.php?rest_route=\/wp\/v2\/users\/1"}],"replies":[{"embeddable":true,"href":"http:\/\/nagybanhegyes.hu\/w\/index.php?rest_route=%2Fwp%2Fv2%2Fcomments&post=348"}],"version-history":[{"count":1,"href":"http:\/\/nagybanhegyes.hu\/w\/index.php?rest_route=\/wp\/v2\/posts\/348\/revisions"}],"predecessor-version":[{"id":349,"href":"http:\/\/nagybanhegyes.hu\/w\/index.php?rest_route=\/wp\/v2\/posts\/348\/revisions\/349"}],"wp:attachment":[{"href":"http:\/\/nagybanhegyes.hu\/w\/index.php?rest_route=%2Fwp%2Fv2%2Fmedia&parent=348"}],"wp:term":[{"taxonomy":"category","embeddable":true,"href":"http:\/\/nagybanhegyes.hu\/w\/index.php?rest_route=%2Fwp%2Fv2%2Fcategories&post=348"},{"taxonomy":"post_tag","embeddable":true,"href":"http:\/\/nagybanhegyes.hu\/w\/index.php?rest_route=%2Fwp%2Fv2%2Ftags&post=348"}],"curies":[{"name":"wp","href":"https:\/\/api.w.org\/{rel}","templated":true}]}}