{"id":531,"date":"2018-01-16T19:08:04","date_gmt":"2018-01-16T17:08:04","guid":{"rendered":"http:\/\/nagybanhegyes.hu\/w\/?p=531"},"modified":"2018-01-16T19:08:26","modified_gmt":"2018-01-16T17:08:26","slug":"tajekoztato-elektronikus-ugyintezesrol","status":"publish","type":"post","link":"http:\/\/nagybanhegyes.hu\/w\/?p=531","title":{"rendered":"T\u00e1j\u00e9koztat\u00f3 elektronikus \u00fcgyint\u00e9z\u00e9sr\u0151l"},"content":{"rendered":"<p><a href=\"http:\/\/nagybanhegyes.hu\/w\/wp-content\/uploads\/2018\/01\/elektronikus-\u00fcgyint\u00e9z\u00e9s.pdf\">Let\u00f6lt\u00e9s<\/a><\/p>\n<p>Az \u00f6nkorm\u00e1nyzati ASP rendszerr\u0151l 257\/2016.(VIII.31.) Korm. rendelet alapj\u00e1n a helyi \u00f6nkorm\u00e1nyzatok \u00fctemezetten csatlakoznak az ASP rendszerhez. Az ASP szakrendszerek k\u00f6z\u00f6tt megtal\u00e1lhat\u00f3 az ASP Elektronikus \u00dcgyint\u00e9z\u00e9si Port\u00e1l rendszer is, amely lehet\u0151s\u00e9get biztos\u00edt az elektronikus \u0171rlap-szolg\u00e1ltat\u00e1s \u00e9s az integr\u00e1lt dokumentum hiteles\u00edt\u00e9si szolg\u00e1ltat\u00e1s ig\u00e9nybev\u00e9tel\u00e9re. Az elektronikus \u00fcgyint\u00e9z\u00e9s \u00e9s a bizalmi szolg\u00e1ltat\u00e1sok \u00e1ltal\u00e1nos szab\u00e1lyair\u00f3l sz\u00f3l\u00f3 2015. \u00e9vi CCXXII. t\u00f6rv\u00e9ny el\u0151\u00edr\u00e1sai szerint 2018. janu\u00e1r 1-t\u0151l valamennyi \u00f6nkorm\u00e1nyzatnak, valamennyi \u00fcgyben k\u00f6telez\u0151 az elektronikus \u00fcgyint\u00e9z\u00e9s lehet\u0151s\u00e9g\u00e9nek biztos\u00edt\u00e1sa.<\/p>\n<p>&nbsp;<\/p>\n<p><strong>Nagyb\u00e1nhegyes K\u00f6zs\u00e9g \u00d6nkorm\u00e1nyzata biztos\u00edtja az elektronikus \u00fcgyint\u00e9z\u00e9st az al\u00e1bbi lehet\u0151s\u00e9gek tekintet\u00e9ben:<\/strong><\/p>\n<p><strong>&nbsp;<\/strong><\/p>\n<ul>\n<li>Bejelent\u00e9s desztill\u00e1l\u00f3berendez\u00e9s tulajdonjog\u00e1r\u00f3l, tulajdonjog\u00e1nak megszerz\u00e9s\u00e9r\u0151l<\/li>\n<\/ul>\n<ul>\n<li>Meghatalmaz\u00e1s \u00f6nkorm\u00e1nyzati ad\u00f3\u00fcgyben<\/li>\n<li>Sz\u00e1ll\u00e1shely nyilv\u00e1ntart\u00e1sba v\u00e9teli k\u00e9relem, bejelent\u00e9s<\/li>\n<li>Rendk\u00edv\u00fcli telep\u00fcl\u00e9si t\u00e1mogat\u00e1s meg\u00e1llap\u00edt\u00e1sa ir\u00e1nti k\u00e9relem<\/li>\n<li>Fakiv\u00e1g\u00e1si enged\u00e9lyk\u00e9relem, bejelent\u00e9s<\/li>\n<li>Helyi ipar\u0171z\u00e9si ad\u00f3 bevall\u00e1s, \u00e1lland\u00f3 jelleg\u0171 ipar\u0171z\u00e9si tev\u00e9kenys\u00e9g, 2016. \u00e9vre<\/li>\n<li>Bejelent\u00e9s, k\u00e9relem befogad\u00e1shoz<\/li>\n<li>Term\u0151f\u00f6ld b\u00e9rbead\u00e1s\u00e1b\u00f3l sz\u00e1rmaz\u00f3 j\u00f6vedelem ad\u00f3j\u00e1hoz kapcsol\u00f3d\u00f3 bevall\u00e1s<\/li>\n<li>K\u00f6zter\u00fclet, k\u00f6z\u00fat elt\u00e9r\u0151 haszn\u00e1lata ir\u00e1nti k\u00e9relem<\/li>\n<li>\u00c9tkeztet\u00e9s, h\u00e1zi seg\u00edts\u00e9gny\u00fajt\u00e1s lemond\u00e1sa, \u00e1tir\u00e1ny\u00edt\u00e1sa<\/li>\n<li>K\u00e9relem ad\u00f3felf\u00fcggeszt\u00e9sre<\/li>\n<li>Bejelentkez\u00e9s, v\u00e1ltoz\u00e1s-bejelent\u00e9s<\/li>\n<li>Bevall\u00e1s el\u0151\u00e1ll\u00edtott mag\u00e1nf\u0151z\u00f6tt p\u00e1rlat ut\u00e1n<\/li>\n<li>Nyilatkozat az ad\u00f3mentess\u00e9g ig\u00e9nybev\u00e9tel\u00e9r\u0151l<\/li>\n<li>Egyszer\u0171s\u00edtett r\u00e9szletfizet\u00e9si k\u00e9relem<\/li>\n<li>Helyi ipar\u0171z\u00e9si ad\u00f3 bevall\u00e1s, \u00e1lland\u00f3 jelleg\u0171 ipar\u0171z\u00e9si tev\u00e9kenys\u00e9g, 2018. \u00e9vre<\/li>\n<li>Ad\u00f3- \u00e9s \u00e9rt\u00e9kbizony\u00edtv\u00e1ny ki\u00e1ll\u00edt\u00e1si k\u00e9relem<\/li>\n<li>Bevall\u00e1s el\u0151rehozott helyi ad\u00f3r\u00f3l<\/li>\n<li>Anyak\u00f6nyvi kivonat ki\u00e1ll\u00edt\u00e1si k\u00e9relem<\/li>\n<li>K\u00e9relem k\u00f6lts\u00e9gmentess\u00e9g enged\u00e9lyez\u00e9s\u00e9nek alapj\u00e1ul szolg\u00e1l\u00f3 k\u00f6r\u00fclm\u00e9nyek igazol\u00e1s\u00e1ra<\/li>\n<li>Megkeres\u00e9s k\u00f6ztartoz\u00e1s behajt\u00e1s\u00e1ra<\/li>\n<li>Adatszolg\u00e1ltat\u00e1s nem \u00fczleti sz\u00e1ll\u00e1shely szolg\u00e1ltat\u00e1si tev\u00e9kenys\u00e9ggel kapcsolatban<\/li>\n<li>\u0170rlap keresetlev\u00e9l beterjeszt\u00e9s\u00e9hez jegyz\u0151 birtokv\u00e9delmi hat\u00e1rozat\u00e1nak megv\u00e1ltoztat\u00e1sa ir\u00e1nti perben<\/li>\n<li>Adatbejelent\u00e9s a rekl\u00e1mhordoz\u00f3 ut\u00e1ni \u00e9p\u00edtm\u00e9nyad\u00f3r\u00f3l<\/li>\n<li>Nyilatkozat \u00f6r\u00f6kl\u00e9sre jogosultakr\u00f3l<\/li>\n<li>Telep\u00fcl\u00e9si ad\u00f3 (j\u00e1rm\u0171)<\/li>\n<li>Talajterhel\u00e9si d\u00edj bevall\u00e1s<\/li>\n<li>Nyilatkozat int\u00e9zm\u00e9nyi gyermek\u00e9tkeztet\u00e9s lemond\u00e1s\u00e1r\u00f3l<\/li>\n<li>Helyi ipar\u0171z\u00e9si ad\u00f3 bevall\u00e1s, ideiglenes jelleg\u0171 ipar\u0171z\u00e9si tev\u00e9kenys\u00e9g<\/li>\n<li>K\u00e9relem fel\u00faj\u00edt\u00e1si k\u00f6lts\u00e9g besz\u00e1m\u00edt\u00e1s\u00e1hoz<\/li>\n<li>Idegenforgalmi ad\u00f3 bevall\u00e1s<\/li>\n<li>Adatbejelent\u00e9s a g\u00e9pj\u00e1rm\u0171ad\u00f3r\u00f3l<\/li>\n<li>M\u0171k\u00f6d\u00e9si enged\u00e9ly visszavon\u00e1si k\u00e9relem<\/li>\n<li>Bejelent\u00e9s b\u00e9rl\u0151 elhal\u00e1loz\u00e1s\u00e1r\u00f3l (lak\u00e1s)<\/li>\n<li>Adatbejelent\u00e9s az \u00e9p\u00fclet, \u00e9p\u00fcletr\u00e9sz ut\u00e1ni \u00e9p\u00edtm\u00e9nyad\u00f3r\u00f3l<\/li>\n<li>Helyi ipar\u0171z\u00e9si ad\u00f3 bevall\u00e1s, \u00e1lland\u00f3 jelleg\u0171 ipar\u0171z\u00e9si tev\u00e9kenys\u00e9g, 2015. \u00e9vre<\/li>\n<li>Helyi ipar\u0171z\u00e9si ad\u00f3 bevall\u00e1s, \u00e1lland\u00f3 jelleg\u0171 ipar\u0171z\u00e9si tev\u00e9kenys\u00e9g, 2014. \u00e9vre<\/li>\n<li>Ad\u00e1s-v\u00e9teli vagy haszonb\u00e9rleti szerz\u0151d\u00e9s k\u00f6zz\u00e9t\u00e9teli k\u00e9relem<\/li>\n<li>Adatszolg\u00e1ltat\u00e1s hagyat\u00e9ki lelt\u00e1rhoz<\/li>\n<li>Behajt\u00e1si enged\u00e9ly ir\u00e1nti k\u00e9relem<\/li>\n<li>Sz\u00e1ll\u00e1shely megsz\u0171n\u00e9s\u00e9nek bejelent\u00e9se<\/li>\n<li>Helyi ipar\u0171z\u00e9si ad\u00f3 bevall\u00e1s, \u00e1lland\u00f3 jelleg\u0171 ipar\u0171z\u00e9si tev\u00e9kenys\u00e9g, 2017. \u00e9vre<\/li>\n<li>M\u0171k\u00f6d\u00e9si enged\u00e9ly k\u00e9relem \u00fczletk\u00f6teles term\u00e9k forgalmaz\u00e1s\u00e1hoz<\/li>\n<li>Adatbejelent\u00e9s a mag\u00e1nszem\u00e9ly kommun\u00e1lis ad\u00f3j\u00e1r\u00f3l<\/li>\n<li>\u00c1ltal\u00e1nos ad\u00f3igazol\u00e1s k\u00e9relem<\/li>\n<li>T\u00falfizet\u00e9s \u00e1tvezet\u00e9s \u00e9s visszat\u00e9r\u00edt\u00e9si k\u00e9relem<\/li>\n<li>Helyi ipar\u0171z\u00e9si ad\u00f3el\u0151leg-kieg\u00e9sz\u00edt\u00e9s bevall\u00e1s<\/li>\n<li>\u0170rlap k\u00f6zigazgat\u00e1si szerv hat\u00e1rozat\u00e1nak b\u00edr\u00f3s\u00e1gi fel\u00fclvizsg\u00e1lata ir\u00e1nti keresetlev\u00e9l beny\u00fajt\u00f3s\u00e1hoz<\/li>\n<li>K\u00f6ztemet\u00e9si k\u00e9relem<\/li>\n<\/ul>\n<p>&nbsp;<\/p>\n<p>&nbsp;<\/p>\n<p><strong>Az \u0171rlapok el\u00e9rhet\u0151ek \u00e9s beny\u00fajthat\u00f3ak a <\/strong><a href=\"https:\/\/ohp.asp.logv.hu\"><strong>https:\/\/ohp.asp.logv.hu<\/strong><\/a><strong> c\u00edmen!<\/strong><\/p>\n<p>&nbsp;<\/p>\n<p>&nbsp;<\/p>\n<p>&nbsp;<\/p>\n<p>Pajk\u00f3 Alexandra<\/p>\n<p>kirendelts\u00e9g-vezet\u0151<\/p>\n","protected":false},"excerpt":{"rendered":"<p>Let\u00f6lt\u00e9s Az \u00f6nkorm\u00e1nyzati ASP rendszerr\u0151l 257\/2016.(VIII.31.) Korm. rendelet alapj\u00e1n a helyi \u00f6nkorm\u00e1nyzatok \u00fctemezetten csatlakoznak az ASP rendszerhez. Az ASP szakrendszerek k\u00f6z\u00f6tt megtal\u00e1lhat\u00f3 az ASP Elektronikus \u00dcgyint\u00e9z\u00e9si Port\u00e1l rendszer is, amely lehet\u0151s\u00e9get biztos\u00edt az elektronikus \u0171rlap-szolg\u00e1ltat\u00e1s \u00e9s az integr\u00e1lt dokumentum hiteles\u00edt\u00e9si szolg\u00e1ltat\u00e1s ig\u00e9nybev\u00e9tel\u00e9re. Az elektronikus \u00fcgyint\u00e9z\u00e9s \u00e9s a bizalmi szolg\u00e1ltat\u00e1sok \u00e1ltal\u00e1nos szab\u00e1lyair\u00f3l sz\u00f3l\u00f3 2015. \u00e9vi CCXXII. [&hellip;]<\/p>\n","protected":false},"author":1,"featured_media":0,"comment_status":"closed","ping_status":"closed","sticky":false,"template":"","format":"standard","meta":{"ngg_post_thumbnail":0,"_links_to":"","_links_to_target":""},"categories":[1],"tags":[],"_links":{"self":[{"href":"http:\/\/nagybanhegyes.hu\/w\/index.php?rest_route=\/wp\/v2\/posts\/531"}],"collection":[{"href":"http:\/\/nagybanhegyes.hu\/w\/index.php?rest_route=\/wp\/v2\/posts"}],"about":[{"href":"http:\/\/nagybanhegyes.hu\/w\/index.php?rest_route=\/wp\/v2\/types\/post"}],"author":[{"embeddable":true,"href":"http:\/\/nagybanhegyes.hu\/w\/index.php?rest_route=\/wp\/v2\/users\/1"}],"replies":[{"embeddable":true,"href":"http:\/\/nagybanhegyes.hu\/w\/index.php?rest_route=%2Fwp%2Fv2%2Fcomments&post=531"}],"version-history":[{"count":2,"href":"http:\/\/nagybanhegyes.hu\/w\/index.php?rest_route=\/wp\/v2\/posts\/531\/revisions"}],"predecessor-version":[{"id":534,"href":"http:\/\/nagybanhegyes.hu\/w\/index.php?rest_route=\/wp\/v2\/posts\/531\/revisions\/534"}],"wp:attachment":[{"href":"http:\/\/nagybanhegyes.hu\/w\/index.php?rest_route=%2Fwp%2Fv2%2Fmedia&parent=531"}],"wp:term":[{"taxonomy":"category","embeddable":true,"href":"http:\/\/nagybanhegyes.hu\/w\/index.php?rest_route=%2Fwp%2Fv2%2Fcategories&post=531"},{"taxonomy":"post_tag","embeddable":true,"href":"http:\/\/nagybanhegyes.hu\/w\/index.php?rest_route=%2Fwp%2Fv2%2Ftags&post=531"}],"curies":[{"name":"wp","href":"https:\/\/api.w.org\/{rel}","templated":true}]}}