{"id":481,"date":"2017-09-26T18:53:12","date_gmt":"2017-09-26T16:53:12","guid":{"rendered":"http:\/\/nagybanhegyes.hu\/w\/?p=481"},"modified":"2017-09-26T18:53:12","modified_gmt":"2017-09-26T16:53:12","slug":"bursa-hungarica-felsooktatasi-onkormanyzati-osztondij-2018","status":"publish","type":"post","link":"https:\/\/nagybanhegyes.hu\/w\/?p=481","title":{"rendered":"Bursa Hungarica Fels\u0151oktat\u00e1si \u00d6nkorm\u00e1nyzati \u00f6szt\u00f6nd\u00edj 2018"},"content":{"rendered":"<p style=\"text-align: center;\"><strong>F E L H \u00cd V \u00c1 S !<\/strong><\/p>\n<p><strong>Nagyb\u00e1nhegyes K\u00f6zs\u00e9g \u00d6nkorm\u00e1nyzat\u00e1nak k\u00e9pvisel\u0151 \u2013test\u00fclete p\u00e1ly\u00e1zatot \u00edr ki a Bursa Hungarica Fels\u0151oktat\u00e1si \u00d6nkorm\u00e1nyzati \u00f6szt\u00f6nd\u00edjra, a 2018-es \u00e9vre.<\/strong><\/p>\n<p>A k\u00e9pvisel\u0151-test\u00fclet ki\u00edrja mind az \u201eA\u201d t\u00edpus\u00fa, mind a \u201eB\u201d t\u00edpus\u00fa p\u00e1ly\u00e1zatot.<\/p>\n<p>A t\u00e1mogat\u00e1s 2018. \u00e9vben is 10 h\u00f3nap id\u0151tartamra sz\u00f3lna.<\/p>\n<p><strong>\u201dA\u201d t\u00edpus\u00fa p\u00e1ly\u00e1zat eset\u00e9n :<\/strong> \u201eA\u201d t\u00edpus\u00fa p\u00e1ly\u00e1zatra azok az \u00f6nkorm\u00e1nyzat ter\u00fclet\u00e9n \u00e1lland\u00f3 lak\u00f3hellyel rendelkez\u0151, h\u00e1tr\u00e1nyos szoci\u00e1lis helyzet\u0171 fels\u0151oktat\u00e1si hallgat\u00f3k jelentkezhetnek, akik a k\u00e9pz\u00e9sre vonatkoz\u00f3 keretid\u0151n bel\u00fcl, teljes idej\u0171 (nappalai tagozatos) alapfokozatot \u00e9s szakk\u00e9pzetts\u00e9get eredm\u00e9nyez\u0151 alapk\u00e9pz\u00e9sben, mesterfokozatot \u00e9s szakk\u00e9pzetts\u00e9get eredm\u00e9nyez\u0151 mesterk\u00e9pz\u00e9sben, egys\u00e9ges osztatlan k\u00e9pz\u00e9sben vagy fels\u0151fok\u00fa szakk\u00e9pz\u00e9sben folytatj\u00e1k tanulm\u00e1nyaikat.<\/p>\n<p><strong>\u201dB\u201d t\u00edpus\u00fa p\u00e1ly\u00e1zat<\/strong> 3&#215;10 h\u00f3nap, azaz hat egym\u00e1st k\u00f6vet\u0151 tanulm\u00e1nyi f\u00e9l\u00e9vben jelent t\u00e1mogat\u00e1st. Erre a t\u00edpus\u00fa p\u00e1ly\u00e1zatra azok az \u00f6nkorm\u00e1nyzat ter\u00fclet\u00e9n \u00e1lland\u00f3 lak\u00f3hellyel rendelkez\u0151, h\u00e1tr\u00e1nyos szoci\u00e1lis helyzet\u0171 fiatalok jelentkezhetnek, akik:<\/p>\n<ol start=\"2018\">\n<li>a) a 2017\/2018. tan\u00e9vben utols\u00f3 \u00e9ves, \u00e9retts\u00e9gi el\u0151tt \u00e1ll\u00f3 k\u00f6z\u00e9piskol\u00e1sok;vagy<\/li>\n<li>b) fels\u0151fok\u00fa diplom\u00e1val nem rendelkez\u0151, fels\u0151oktat\u00e1si int\u00e9zm\u00e9nybe m\u00e9g felv\u00e9telt nem nyert \u00e9retts\u00e9gizettek; \u00e9s a 2017\/2018. tan\u00e9vt\u0151l kezd\u0151d\u0151en fels\u0151oktat\u00e1si int\u00e9zm\u00e9ny keret\u00e9ben teljes idej\u0171 (nappali tagozatos) alapfokozatot \u00e9s szakk\u00e9pzetts\u00e9get eredm\u00e9nyez\u0151 alapk\u00e9pz\u00e9sben, osztatlan k\u00e9pz\u00e9sben vagy fels\u0151oktat\u00e1si szakk\u00e9pz\u00e9sben k\u00edv\u00e1nnak r\u00e9szt<\/li>\n<\/ol>\n<p><strong>A p\u00e1ly\u00e1zatot az EPER_BURSA rendszerben kell kit\u00f6lteni, amelyhez p\u00e1ly\u00e1z\u00f3i regisztr\u00e1ci\u00f3 sz\u00fcks\u00e9ges. A kit\u00f6lt\u00f6tt p\u00e1ly\u00e1zatot ki kell nyomtatni \u00e9s az \u00f6nkorm\u00e1nyzatn\u00e1l pap\u00edralapon, al\u00e1\u00edrva be kell ny\u00fajtani!<\/strong><\/p>\n<p><strong>A p\u00e1ly\u00e1zati&nbsp; \u0171rlap csak a p\u00e1ly\u00e1zati ki\u00edr\u00e1sban&nbsp; meghat\u00e1rozott csatoland\u00f3 dokumentumokkal&nbsp; egy\u00fcttesen \u00e9rv\u00e9nyes. A p\u00e1ly\u00e1zati ki\u00edr\u00e1sban meghat\u00e1rozott valamely mell\u00e9klet hi\u00e1ny\u00e1ban a p\u00e1ly\u00e1zat formai hib\u00e1snak min\u0151s\u00fcl.<\/strong><\/p>\n<p><strong>A p\u00e1ly\u00e1zatok r\u00f6gz\u00edt\u00e9s\u00e9nek \u00e9s az \u00f6nkorm\u00e1nyzathoz bejuttat\u00e1s\u00e1nak hat\u00e1rideje:<\/strong><\/p>\n<p>&nbsp;<\/p>\n<p style=\"text-align: center;\"><strong><u>2017 november 7.<\/u><\/strong><\/p>\n<p>&nbsp;<\/p>\n<p>A p\u00e1ly\u00e1zathoz az al\u00e1bbi mell\u00e9kleteket kell csatolni:<\/p>\n<p>1,) \u201eA\u201d t\u00edpus\u00fa p\u00e1ly\u00e1zatn\u00e1l a hallgat\u00f3i jogviszony igazol\u00e1sa, eredeti p\u00e9ld\u00e1nyban.<\/p>\n<p>2.), j\u00f6vedelemigazol\u00e1sok.<\/p>\n<p>3.) egy\u00e9b, a szoci\u00e1lis r\u00e1szorults\u00e1got igazol\u00f3 dokumentumok.<\/p>\n<p>&nbsp;<\/p>\n<p>&nbsp;<\/p>\n<p>Nagyb\u00e1nhegyes, 2017. 09.26.<\/p>\n<p style=\"text-align: right;\">Nagyb\u00e1nhegyes K\u00f6zs\u00e9g \u00d6nkorm\u00e1nyzat\u00e1nak<\/p>\n<p style=\"text-align: right;\">K\u00e9pvisel\u0151-test\u00fclete.<\/p>\n","protected":false},"excerpt":{"rendered":"<p>F E L H \u00cd V \u00c1 S ! Nagyb\u00e1nhegyes K\u00f6zs\u00e9g \u00d6nkorm\u00e1nyzat\u00e1nak k\u00e9pvisel\u0151 \u2013test\u00fclete p\u00e1ly\u00e1zatot \u00edr ki a Bursa Hungarica Fels\u0151oktat\u00e1si \u00d6nkorm\u00e1nyzati \u00f6szt\u00f6nd\u00edjra, a 2018-es \u00e9vre. A k\u00e9pvisel\u0151-test\u00fclet ki\u00edrja mind az \u201eA\u201d t\u00edpus\u00fa, mind a \u201eB\u201d t\u00edpus\u00fa p\u00e1ly\u00e1zatot. A t\u00e1mogat\u00e1s 2018. \u00e9vben is 10 h\u00f3nap id\u0151tartamra sz\u00f3lna. \u201dA\u201d t\u00edpus\u00fa p\u00e1ly\u00e1zat eset\u00e9n : \u201eA\u201d t\u00edpus\u00fa p\u00e1ly\u00e1zatra [&hellip;]<\/p>\n","protected":false},"author":1,"featured_media":0,"comment_status":"closed","ping_status":"closed","sticky":false,"template":"","format":"standard","meta":{"ngg_post_thumbnail":0,"_links_to":"","_links_to_target":""},"categories":[1],"tags":[],"_links":{"self":[{"href":"https:\/\/nagybanhegyes.hu\/w\/index.php?rest_route=\/wp\/v2\/posts\/481"}],"collection":[{"href":"https:\/\/nagybanhegyes.hu\/w\/index.php?rest_route=\/wp\/v2\/posts"}],"about":[{"href":"https:\/\/nagybanhegyes.hu\/w\/index.php?rest_route=\/wp\/v2\/types\/post"}],"author":[{"embeddable":true,"href":"https:\/\/nagybanhegyes.hu\/w\/index.php?rest_route=\/wp\/v2\/users\/1"}],"replies":[{"embeddable":true,"href":"https:\/\/nagybanhegyes.hu\/w\/index.php?rest_route=%2Fwp%2Fv2%2Fcomments&post=481"}],"version-history":[{"count":1,"href":"https:\/\/nagybanhegyes.hu\/w\/index.php?rest_route=\/wp\/v2\/posts\/481\/revisions"}],"predecessor-version":[{"id":482,"href":"https:\/\/nagybanhegyes.hu\/w\/index.php?rest_route=\/wp\/v2\/posts\/481\/revisions\/482"}],"wp:attachment":[{"href":"https:\/\/nagybanhegyes.hu\/w\/index.php?rest_route=%2Fwp%2Fv2%2Fmedia&parent=481"}],"wp:term":[{"taxonomy":"category","embeddable":true,"href":"https:\/\/nagybanhegyes.hu\/w\/index.php?rest_route=%2Fwp%2Fv2%2Fcategories&post=481"},{"taxonomy":"post_tag","embeddable":true,"href":"https:\/\/nagybanhegyes.hu\/w\/index.php?rest_route=%2Fwp%2Fv2%2Ftags&post=481"}],"curies":[{"name":"wp","href":"https:\/\/api.w.org\/{rel}","templated":true}]}}