{"id":941,"date":"2020-06-04T10:44:26","date_gmt":"2020-06-04T08:44:26","guid":{"rendered":"http:\/\/nagybanhegyes.hu\/w\/?p=941"},"modified":"2020-06-05T08:20:00","modified_gmt":"2020-06-05T06:20:00","slug":"efop-3-9-2-16-2017-00027-human-kapacitasok-fejlesztese-a-helyi-tudastoke-gyarapitasa-celjabol","status":"publish","type":"post","link":"https:\/\/nagybanhegyes.hu\/w\/?p=941","title":{"rendered":"EFOP-3.9.2-16-2017-00027 &#8211; Hum\u00e1n kapacit\u00e1sok fejleszt\u00e9se a helyi tud\u00e1st\u0151ke gyarap\u00edt\u00e1sa c\u00e9lj\u00e1b\u00f3l"},"content":{"rendered":"<h5>&nbsp;<\/h5>\n<h5><a href=\"http:\/\/nagybanhegyes.hu\/w\/wp-content\/uploads\/2020\/06\/infoblokk_kedv_final_felso_cmyk_ESZA.jpg\"><img loading=\"lazy\" class=\"alignnone wp-image-948 size-medium\" src=\"http:\/\/nagybanhegyes.hu\/w\/wp-content\/uploads\/2020\/06\/infoblokk_kedv_final_felso_cmyk_ESZA-300x207.jpg\" alt=\"\" width=\"300\" height=\"207\" srcset=\"https:\/\/nagybanhegyes.hu\/w\/wp-content\/uploads\/2020\/06\/infoblokk_kedv_final_felso_cmyk_ESZA-300x207.jpg 300w, https:\/\/nagybanhegyes.hu\/w\/wp-content\/uploads\/2020\/06\/infoblokk_kedv_final_felso_cmyk_ESZA-768x531.jpg 768w, https:\/\/nagybanhegyes.hu\/w\/wp-content\/uploads\/2020\/06\/infoblokk_kedv_final_felso_cmyk_ESZA-1024x708.jpg 1024w, https:\/\/nagybanhegyes.hu\/w\/wp-content\/uploads\/2020\/06\/infoblokk_kedv_final_felso_cmyk_ESZA.jpg 1453w\" sizes=\"(max-width: 300px) 100vw, 300px\" \/><\/a><\/h5>\n<h5>Hum\u00e1n kapacit\u00e1sok fejleszt\u00e9se a helyi tud\u00e1st\u0151ke gyarap\u00edt\u00e1sa c\u00e9lj\u00e1b\u00f3l<\/h5>\n<p><a href=\"http:\/\/nagybanhegyes.hu\/w\/wp-content\/uploads\/2020\/06\/153_62_t\u00e1j\u00e9koztat\u00e1s_honlapra.pdf\" target=\"_blank\" rel=\"noopener\">EFOP-3.9.2-16-2017-00027 &#8211; Let\u00f6lthet\u0151 ismertet\u0151<\/a><\/p>\n<p><strong>A projekt alapadatai<\/strong><\/p>\n<p><strong>Projekt k\u00f3dsz\u00e1ma:<\/strong> EFOP-1.5.3-16-2017-00062<\/p>\n<p><strong>Projekt c\u00edme:<\/strong> \u201eHum\u00e1n szolg\u00e1ltat\u00e1sok fejleszt\u00e9se a t\u00e1rsadalmi felz\u00e1rk\u00f3z\u00e1s \u00e9rdek\u00e9ben\u201d<\/p>\n<p><strong>Konzorciumi tagok:<\/strong> T\u00f3tkoml\u00f3s V\u00e1ros \u00d6nkorm\u00e1nyzata, Orosh\u00e1za V\u00e1ros \u00d6nkorm\u00e1nyzata, B\u00e9k\u00e9s Megy\u00e9\u00e9rt V\u00e1llalkoz\u00e1sfejleszt\u00e9si Alap\u00edtv\u00e1ny, D\u00e9l-b\u00e9k\u00e9s Mez\u0151gazdas\u00e1gi Termel\u0151i\u00e9rt K\u00f6zhaszn\u00fa Alap\u00edtv\u00e1ny, Kardosk\u00fat K\u00f6zs\u00e9g \u00d6nkorm\u00e1nyzata, Kaszaper K\u00f6zs\u00e9g \u00d6nkorm\u00e1nyzata, Nagyb\u00e1nhegyes K\u00f6zs\u00e9g \u00d6nkorm\u00e1nyzata,<\/p>\n<p><strong>Meg\u00edt\u00e9lt t\u00e1mogat\u00e1s \u00f6sszege:<\/strong> 491 807 912 Ft<\/p>\n<p><strong>T\u00e1mogat\u00e1si intenzit\u00e1s:<\/strong> 100%, vissza nem t\u00e9r\u00edtend\u0151 t\u00e1mogat\u00e1s<\/p>\n<p><strong>Projektmegval\u00f3s\u00edt\u00e1s id\u0151szaka:<\/strong> 2018.02.01.-2020.07.29.<\/p>\n<p><strong>Projekt logo:<\/strong> &nbsp;<\/p>\n<p><a href=\"http:\/\/nagybanhegyes.hu\/w\/wp-content\/uploads\/2020\/06\/153_62_logo.jpg\"><img loading=\"lazy\" class=\"size-thumbnail wp-image-946 alignnone\" src=\"http:\/\/nagybanhegyes.hu\/w\/wp-content\/uploads\/2020\/06\/153_62_logo-150x150.jpg\" alt=\"\" width=\"150\" height=\"150\"><\/a>&nbsp; &nbsp;&nbsp;<\/p>\n<p>&nbsp;<\/p>\n<p>H<strong>UM\u00c1N SZOLG\u00c1LTAT\u00c1SOK FEJLESZT\u00c9SE A T\u00c1RSADALMI FELZ\u00c1RK\u00d3Z\u00c1S \u00c9RDEK\u00c9BEN<\/strong><\/p>\n<p>T\u00f3tkoml\u00f3s V\u00e1ros \u00d6nkorm\u00e1nyzata \u00e9s t\u00f6bb k\u00f6rnyez\u0151 telep\u00fcl\u00e9s \u00f6sszefog\u00e1s\u00e1val 2018. febru\u00e1r 1-j\u00e9n indult egy komplex fejleszt\u00e9si folyamat, amely a hum\u00e1n k\u00f6zszolg\u00e1ltat\u00e1sok fejleszt\u00e9se, a lakoss\u00e1g foglalkoztathat\u00f3s\u00e1ga \u00e9s t\u00e9rs\u00e9g megtart\u00f3k\u00e9pess\u00e9ge n\u00f6vel\u00e9s\u00e9t c\u00e9lozza. A projekt mintegy 500 milli\u00f3 forint eur\u00f3pai uni\u00f3s vissza nem t\u00e9r\u00edtend\u0151 t\u00e1mogat\u00e1s seg\u00edts\u00e9g\u00e9vel val\u00f3sul meg.<\/p>\n<p>Az EFOP-1.5.3-16-2017-00062 \u201eHum\u00e1n szolg\u00e1ltat\u00e1sok fejleszt\u00e9se a t\u00e1rsadalmi felz\u00e1rk\u00f3z\u00e1s \u00e9rdek\u00e9ben\u201d c\u00edm\u0171 projekt a lakoss\u00e1g munkaer\u0151piaci szempontb\u00f3l h\u00e1tr\u00e1nyos helyzet\u0171 tagjainak csoportos tan\u00e1csad\u00e1sokat \u00e9s mentori szolg\u00e1ltat\u00e1st biztos\u00edt, m\u00edg a hum\u00e1n k\u00f6zszolg\u00e1ltat\u00e1sok ter\u00fclet\u00e9n az int\u00e9zm\u00e9nyek egy szervezet- \u00e9s szolg\u00e1ltat\u00e1sfejleszt\u00e9si folyamatban, m\u00edg az ott dolgoz\u00f3k tov\u00e1bbk\u00e9pz\u00e9seken vesznek r\u00e9szt.<\/p>\n<p>A lakoss\u00e1g sz\u00e1m\u00e1ra k\u00fcl\u00f6nb\u00f6z\u0151 prevent\u00edv jelleg\u0171 programok, klubok \u00e9s karitat\u00edv programok indulnak a k\u00f6z\u00f6ss\u00e9gfejleszt\u00e9s jegy\u00e9ben, m\u00edg a t\u00e9rs\u00e9g d\u00f6nt\u00e9shoz\u00f3i, a civil szervezetek \u00e9s a helyben m\u0171k\u00f6d\u0151 v\u00e1llalkoz\u00e1sok k\u00e9pvisel\u0151i rendszeres tal\u00e1lkoz\u00e1sok alkalm\u00e1val a helyi megtart\u00f3k\u00e9pess\u00e9g n\u00f6vel\u00e9s\u00e9t c\u00e9lz\u00f3 programok kidolgoz\u00e1s\u00e1ban v\u00e1llal r\u00e9szt.<\/p>\n<p>A tev\u00e9kenys\u00e9gekkel k\u00f6zvetlen\u00fcl el\u00e9rni k\u00edv\u00e1nt lakosok sz\u00e1ma a tervek szerint k\u00f6zel 4 ezer f\u0151 lesz, tov\u00e1bb\u00e1 a fejleszt\u00e9s hat\u00e1s\u00e1ra legal\u00e1bb 15 f\u0151 helyezkedik el a hum\u00e1n k\u00f6zszolg\u00e1ltat\u00e1sok ter\u00fclet\u00e9n.<\/p>\n<p>A fejleszt\u00e9s 2018. febru\u00e1r 1. \u00e9s 2020. j\u00falius 29. k\u00f6z\u00f6tt val\u00f3sul meg T\u00f3tkoml\u00f3s, Orosh\u00e1za, Kaszaper, Nagyb\u00e1nhegyes, Kardosk\u00fat ter\u00fclet\u00e9n, a telep\u00fcl\u00e9si \u00f6nkorm\u00e1nyzatok, a B\u00e9k\u00e9s Megy\u00e9\u00e9rt V\u00e1llalkoz\u00e1sfejleszt\u00e9si Alap\u00edtv\u00e1ny \u00e9s a D\u00e9l-B\u00e9k\u00e9s Mez\u0151gazdas\u00e1gi Termel\u0151i\u00e9rt K\u00f6zhaszn\u00fa Alap\u00edtv\u00e1ny \u00f6sszefog\u00e1s\u00e1val.<\/p>\n<p>Tov\u00e1bbi inform\u00e1ci\u00f3 k\u00e9rhet\u0151 a projekt hivatalos e-mail c\u00edm\u00e9n: 153totkomlos@gmail.com<\/p>\n","protected":false},"excerpt":{"rendered":"<p>&nbsp; Hum\u00e1n kapacit\u00e1sok fejleszt\u00e9se a helyi tud\u00e1st\u0151ke gyarap\u00edt\u00e1sa c\u00e9lj\u00e1b\u00f3l EFOP-3.9.2-16-2017-00027 &#8211; Let\u00f6lthet\u0151 ismertet\u0151 A projekt alapadatai Projekt k\u00f3dsz\u00e1ma: EFOP-1.5.3-16-2017-00062 Projekt c\u00edme: \u201eHum\u00e1n szolg\u00e1ltat\u00e1sok fejleszt\u00e9se a t\u00e1rsadalmi felz\u00e1rk\u00f3z\u00e1s \u00e9rdek\u00e9ben\u201d Konzorciumi tagok: T\u00f3tkoml\u00f3s V\u00e1ros \u00d6nkorm\u00e1nyzata, Orosh\u00e1za V\u00e1ros \u00d6nkorm\u00e1nyzata, B\u00e9k\u00e9s Megy\u00e9\u00e9rt V\u00e1llalkoz\u00e1sfejleszt\u00e9si Alap\u00edtv\u00e1ny, D\u00e9l-b\u00e9k\u00e9s Mez\u0151gazdas\u00e1gi Termel\u0151i\u00e9rt K\u00f6zhaszn\u00fa Alap\u00edtv\u00e1ny, Kardosk\u00fat K\u00f6zs\u00e9g \u00d6nkorm\u00e1nyzata, Kaszaper K\u00f6zs\u00e9g \u00d6nkorm\u00e1nyzata, Nagyb\u00e1nhegyes K\u00f6zs\u00e9g \u00d6nkorm\u00e1nyzata, Meg\u00edt\u00e9lt [&hellip;]<\/p>\n","protected":false},"author":1,"featured_media":0,"comment_status":"closed","ping_status":"closed","sticky":false,"template":"","format":"standard","meta":{"ngg_post_thumbnail":0,"_links_to":"","_links_to_target":""},"categories":[1],"tags":[],"_links":{"self":[{"href":"https:\/\/nagybanhegyes.hu\/w\/index.php?rest_route=\/wp\/v2\/posts\/941"}],"collection":[{"href":"https:\/\/nagybanhegyes.hu\/w\/index.php?rest_route=\/wp\/v2\/posts"}],"about":[{"href":"https:\/\/nagybanhegyes.hu\/w\/index.php?rest_route=\/wp\/v2\/types\/post"}],"author":[{"embeddable":true,"href":"https:\/\/nagybanhegyes.hu\/w\/index.php?rest_route=\/wp\/v2\/users\/1"}],"replies":[{"embeddable":true,"href":"https:\/\/nagybanhegyes.hu\/w\/index.php?rest_route=%2Fwp%2Fv2%2Fcomments&post=941"}],"version-history":[{"count":6,"href":"https:\/\/nagybanhegyes.hu\/w\/index.php?rest_route=\/wp\/v2\/posts\/941\/revisions"}],"predecessor-version":[{"id":950,"href":"https:\/\/nagybanhegyes.hu\/w\/index.php?rest_route=\/wp\/v2\/posts\/941\/revisions\/950"}],"wp:attachment":[{"href":"https:\/\/nagybanhegyes.hu\/w\/index.php?rest_route=%2Fwp%2Fv2%2Fmedia&parent=941"}],"wp:term":[{"taxonomy":"category","embeddable":true,"href":"https:\/\/nagybanhegyes.hu\/w\/index.php?rest_route=%2Fwp%2Fv2%2Fcategories&post=941"},{"taxonomy":"post_tag","embeddable":true,"href":"https:\/\/nagybanhegyes.hu\/w\/index.php?rest_route=%2Fwp%2Fv2%2Ftags&post=941"}],"curies":[{"name":"wp","href":"https:\/\/api.w.org\/{rel}","templated":true}]}}